{"id":458,"date":"2021-05-11T21:28:05","date_gmt":"2021-05-11T19:28:05","guid":{"rendered":"https:\/\/artinthedigitalage.net\/blog\/?p=458"},"modified":"2021-05-11T21:29:31","modified_gmt":"2021-05-11T19:29:31","slug":"de-la-memoire-et-du-lien","status":"publish","type":"post","link":"https:\/\/artinthedigitalage.net\/blog\/2021\/05\/11\/de-la-memoire-et-du-lien\/","title":{"rendered":"De la m\u00e9moire et du lien"},"content":{"rendered":"\n<figure class=\"wp-block-image size-large\"><img loading=\"lazy\" decoding=\"async\" width=\"660\" height=\"440\" src=\"https:\/\/artinthedigitalage.net\/blog\/wp-content\/uploads\/2021\/05\/21_05_11.jpg\" alt=\"\" class=\"wp-image-459\" srcset=\"https:\/\/artinthedigitalage.net\/blog\/wp-content\/uploads\/2021\/05\/21_05_11.jpg 660w, https:\/\/artinthedigitalage.net\/blog\/wp-content\/uploads\/2021\/05\/21_05_11-300x200.jpg 300w\" sizes=\"auto, (max-width: 660px) 100vw, 660px\" \/><figcaption>Natalia de Mello, <em>Video club sandwich<\/em>, 2020.<\/figcaption><\/figure>\n\n\n\n<p>Dans son article <em>As We May Think<\/em> de 1945, Vannevar Bush imaginait un bureau qui serait \u00e9quip\u00e9 de composants m\u00e9caniques et \u00e9lectroniques permettant d\u2019acc\u00e9der tant \u00e0 des livres qu\u2019\u00e0 des films pr\u00e9alablement m\u00e9moris\u00e9s pour les mettre en relations. Cette vision, \u00f4 combien pr\u00e9monitoire, a influenc\u00e9 bien des pionniers de l\u2019histoire de l\u2019informatique avant que cette derni\u00e8re nous propose des biens de consommation courante incluant les ordinateurs portables. L\u2019ing\u00e9nieur am\u00e9ricain avait nomm\u00e9 son invention le <em>Memex<\/em>. Et c\u2019est \u00e0 celle-ci que l\u2019on pense \u00e0 la d\u00e9couverte de <em>Video club sandwich<\/em>, actuellement en exposition au <a href=\"https:\/\/www.cwb.fr\" target=\"_blank\" rel=\"noreferrer noopener\">Centre Wallonie-Bruxelles<\/a>, de <a href=\"https:\/\/www.nataliademello.net\" target=\"_blank\" rel=\"noreferrer noopener\">Natalia de Mello<\/a>. Car cette installation se pr\u00e9sente sous la forme d\u2019une table sur laquelle sont dispos\u00e9s des ordinateurs portables. Leur empilement \u00e9voque un livre ouvert alors que leurs \u00e9crans diffusent des s\u00e9quences vid\u00e9o que l\u2019artiste a r\u00e9alis\u00e9es ant\u00e9rieurement. Mais les similitudes entre l\u2019invention imagin\u00e9e par l\u2019ing\u00e9nieur et l\u2019\u0153uvre produite par l\u2019artiste ne se limitent pas aux formes. Rappelons que le meuble-appareil de Vannevar Bush avait pour objectif d\u2019aider \u00e0 la cr\u00e9ation de liens, entre les donn\u00e9es, que l\u2019on allait par la suite qualifier d\u2019hyperm\u00e9dia. Or, dans sa vision d\u2019un cin\u00e9ma \u00e9tendu, Natalia de Mello laisse au hasard le soin d\u2019\u00e9tablir des relations entre ses s\u00e9quences exp\u00e9rimentales diffus\u00e9es en boucle par les ordinateurs. Quant aux miroirs que l\u2019artiste \u00e0 associ\u00e9 aux portables, ils ne font qu\u2019accro\u00eetre le nombre des possibles relations entre les vid\u00e9os que, par la m\u00eame, ils extraient des cadres des \u00e9crans. De son c\u00f4t\u00e9, le titre, <em>Video club sandwich<\/em>, convoque l\u2019hyper consommation des produits informatiques que, nous aussi, nous empilons dans nos placards, guid\u00e9s par la strat\u00e9gie de l\u2019obsolescence programm\u00e9e que les entreprises du digital nous imposent.<\/p>\n\n\n\n<pre class=\"wp-block-preformatted\">Article r\u00e9dig\u00e9 par Dominique Moulon<\/pre>\n","protected":false},"excerpt":{"rendered":"<p>Dans son article As We May Think de 1945, Vannevar Bush imaginait un bureau qui serait \u00e9quip\u00e9 de composants m\u00e9caniques et \u00e9lectroniques permettant d\u2019acc\u00e9der tant \u00e0 des livres qu\u2019\u00e0 des films pr\u00e9alablement m\u00e9moris\u00e9s pour les mettre en relations. Cette vision, \u00f4 combien pr\u00e9monitoire, a influenc\u00e9 bien des pionniers de l\u2019histoire de l\u2019informatique avant que cette &hellip; <a href=\"https:\/\/artinthedigitalage.net\/blog\/2021\/05\/11\/de-la-memoire-et-du-lien\/\" class=\"more-link\">Continuer la lecture de <span class=\"screen-reader-text\">De la m\u00e9moire et du lien<\/span><\/a><\/p>\n","protected":false},"author":1,"featured_media":0,"comment_status":"closed","ping_status":"closed","sticky":false,"template":"","format":"standard","meta":{"_exactmetrics_skip_tracking":false,"_exactmetrics_sitenote_active":false,"_exactmetrics_sitenote_note":"","_exactmetrics_sitenote_category":0,"footnotes":""},"categories":[1],"tags":[],"class_list":["post-458","post","type-post","status-publish","format-standard","hentry","category-non-classe"],"_links":{"self":[{"href":"https:\/\/artinthedigitalage.net\/blog\/wp-json\/wp\/v2\/posts\/458","targetHints":{"allow":["GET"]}}],"collection":[{"href":"https:\/\/artinthedigitalage.net\/blog\/wp-json\/wp\/v2\/posts"}],"about":[{"href":"https:\/\/artinthedigitalage.net\/blog\/wp-json\/wp\/v2\/types\/post"}],"author":[{"embeddable":true,"href":"https:\/\/artinthedigitalage.net\/blog\/wp-json\/wp\/v2\/users\/1"}],"replies":[{"embeddable":true,"href":"https:\/\/artinthedigitalage.net\/blog\/wp-json\/wp\/v2\/comments?post=458"}],"version-history":[{"count":2,"href":"https:\/\/artinthedigitalage.net\/blog\/wp-json\/wp\/v2\/posts\/458\/revisions"}],"predecessor-version":[{"id":461,"href":"https:\/\/artinthedigitalage.net\/blog\/wp-json\/wp\/v2\/posts\/458\/revisions\/461"}],"wp:attachment":[{"href":"https:\/\/artinthedigitalage.net\/blog\/wp-json\/wp\/v2\/media?parent=458"}],"wp:term":[{"taxonomy":"category","embeddable":true,"href":"https:\/\/artinthedigitalage.net\/blog\/wp-json\/wp\/v2\/categories?post=458"},{"taxonomy":"post_tag","embeddable":true,"href":"https:\/\/artinthedigitalage.net\/blog\/wp-json\/wp\/v2\/tags?post=458"}],"curies":[{"name":"wp","href":"https:\/\/api.w.org\/{rel}","templated":true}]}}