{"id":502,"date":"2021-12-05T20:40:05","date_gmt":"2021-12-05T19:40:05","guid":{"rendered":"https:\/\/artinthedigitalage.net\/blog\/?p=502"},"modified":"2021-12-05T20:40:05","modified_gmt":"2021-12-05T19:40:05","slug":"den-of-wolves","status":"publish","type":"post","link":"https:\/\/artinthedigitalage.net\/blog\/2021\/12\/05\/den-of-wolves\/","title":{"rendered":"Den of Wolves"},"content":{"rendered":"\n<p><strong>L\u2019installation vid\u00e9o <em>Den of Wolves<\/em>, point d\u2019orgue de l\u2019exposition <em>Power Trip<\/em> de Jonathan Monaghan pr\u00e9sent\u00e9e la galerie parisienne 22,48m2, symbolise parfaitement cette tendance num\u00e9rique qui se d\u00e9ploie actuellement dans la sph\u00e8re de l\u2019art.<\/strong><\/p>\n\n\n\n<figure class=\"wp-block-image size-full\"><img loading=\"lazy\" decoding=\"async\" width=\"660\" height=\"371\" src=\"https:\/\/artinthedigitalage.net\/blog\/wp-content\/uploads\/2021\/12\/21_11_05_a.jpg\" alt=\"\" class=\"wp-image-503\" srcset=\"https:\/\/artinthedigitalage.net\/blog\/wp-content\/uploads\/2021\/12\/21_11_05_a.jpg 660w, https:\/\/artinthedigitalage.net\/blog\/wp-content\/uploads\/2021\/12\/21_11_05_a-300x169.jpg 300w\" sizes=\"auto, (max-width: 660px) 100vw, 660px\" \/><figcaption>Jonathan Monaghan, <em>Den of Wolves<\/em>, 2020, courtesy 22,48m2.<\/figcaption><\/figure>\n\n\n\n<p>L\u2019architecture, dans l\u2019esth\u00e9tique de <a href=\"https:\/\/jonathanmonaghan.com\" target=\"_blank\" rel=\"noreferrer noopener\">Jonathan Monaghan<\/a>, tient un r\u00f4le essentiel tant elle structure la narration en niveau comme c\u2019est le cas dans les jeux vid\u00e9o. Con\u00e7ue pour \u00eatre visionn\u00e9e en environnement, sa s\u00e9quence <em>Den of Wolves<\/em> expos\u00e9e actuellement chez <a href=\"https:\/\/www.2248m2.com\" target=\"_blank\" rel=\"noreferrer noopener\">22,48m2<\/a> est une boucle parfaite au sein de laquelle on entre donc sans se soucier de quelque temporalit\u00e9 que soit. Toute en transition et dans une relative lenteur, elle rassemble des fragments de lieux comme on le fait en r\u00eavant des utopies que nos exp\u00e9riences du r\u00e9el tentent en vain d\u2019organiser. Le Capitole des \u00c9tats-Unis y occupe une belle place, pourtant il est int\u00e9ressant de remarquer que l\u2019artiste am\u00e9ricain en a initi\u00e9 la repr\u00e9sentation avant l\u2019assaut de Washington. Le monument, \u00e0 lui seul, incarne si parfaitement l\u2019expression du pouvoir politique, mais il est aussi associ\u00e9 aux grandes enseignes que l\u2019on devine ici et l\u00e0, de la firme <em>Apple<\/em> au <em>Whole Foods Market<\/em>. Des marques qui, quant \u00e0 elles, symbolisent les formes d\u2019un capitalisme sans asp\u00e9rit\u00e9 aucune. La catastrophe, pourtant, est l\u00e0 en filigrane pour \u00e9merger enfin au sein d\u2019un hypermarch\u00e9 aux rayons totalement vides, ou quand le r\u00eave devient cauchemar. Ne serait-ce pas l\u00e0, dans une soci\u00e9t\u00e9 de l\u2019abondance, l\u2019expression m\u00eame de ce que Paul Virilio qualifi\u00e2t autrefois \u201cd\u2019accident totale\u201d\u00a0? L\u2019histoire nous ayant enseign\u00e9 que bien des r\u00e9voltes ont \u00e9t\u00e9 foment\u00e9es sur des p\u00e9nuries alimentaires.<\/p>\n\n\n\n<figure class=\"wp-block-image size-full\"><img loading=\"lazy\" decoding=\"async\" width=\"660\" height=\"371\" src=\"https:\/\/artinthedigitalage.net\/blog\/wp-content\/uploads\/2021\/12\/21_11_05_b.jpg\" alt=\"\" class=\"wp-image-504\" srcset=\"https:\/\/artinthedigitalage.net\/blog\/wp-content\/uploads\/2021\/12\/21_11_05_b.jpg 660w, https:\/\/artinthedigitalage.net\/blog\/wp-content\/uploads\/2021\/12\/21_11_05_b-300x169.jpg 300w\" sizes=\"auto, (max-width: 660px) 100vw, 660px\" \/><figcaption><meta charset=\"utf-8\">Jonathan Monaghan, <em>Den of Wolves<\/em>, 2020, courtesy 22,48m2.<\/figcaption><\/figure>\n\n\n\n<p>Dans sa parfaite sym\u00e9trie et avec son d\u00f4me central, la vue du capitole nous renvoie tout naturellement aux repr\u00e9sentations des cit\u00e9s id\u00e9ales de la Renaissance italienne. Quand le petit monde de Jonathan Monaghan est tout aussi d\u00e9sert, une d\u00e9sertion que les v\u00e9los \u00e9lectriques sans loueuses ni loueurs soulignent. Nous sommes possiblement dans l\u2019apr\u00e8s imm\u00e9diat d\u2019une catastrophe o\u00f9 seuls trois loups errent \u00e0 la recherche d\u2019indices exprimant le pouvoir absolu de celles et ceux qui r\u00e8gnent sans partage sur leurs royaumes ou empires. C\u2019est ainsi que les canid\u00e9s respectivement se saisissent d\u2019une cape rouge, d\u2019un sceptre et d\u2019un globe d\u2019or. Il n\u2019y a donc personne en ce lieu \u00e0 la l\u2019extr\u00eame blancheur que tissus matelass\u00e9s et dorures \u00e9tincelantes magnifient. Personne, si ce n\u2019est les trois quadrup\u00e8des aux missions bien \u00e9tablies et une sorte de monstre dont les yeux ne sont autre que des cam\u00e9ras de vid\u00e9osurveillance que l\u2019on associe alors aux portiques de s\u00e9curit\u00e9 qui ponctuent le long cheminement des cam\u00e9ras virtuelles. Quand l\u2019extr\u00eame qui\u00e9tude qui \u00e9merge de la blancheur acidul\u00e9e de <em>Den of Wolves<\/em> est si palpable qu\u2019elle en devient suspecte, presque mena\u00e7ante. Et que nous sommes, quand toute r\u00e9sistance nous appara\u00eet futile et que nos paupi\u00e8res s\u2019alourdissent, sous l\u2019attirance conjugu\u00e9e des apparats du pouvoir absolu et des marques au design bien soign\u00e9. Quel serait alors le r\u00e9el qu\u2019un tel r\u00eave \u00e9veill\u00e9 ne masquerait que partiellement\u00a0?<\/p>\n\n\n\n<pre class=\"wp-block-preformatted\">R\u00e9dig\u00e9 par Dominique Moulon pour <a href=\"https:\/\/www.artpress.com\/\" target=\"_blank\" rel=\"noreferrer noopener\">ArtPress<\/a>.<\/pre>\n","protected":false},"excerpt":{"rendered":"<p>L\u2019installation vid\u00e9o Den of Wolves, point d\u2019orgue de l\u2019exposition Power Trip de Jonathan Monaghan pr\u00e9sent\u00e9e la galerie parisienne 22,48m2, symbolise parfaitement cette tendance num\u00e9rique qui se d\u00e9ploie actuellement dans la sph\u00e8re de l\u2019art. L\u2019architecture, dans l\u2019esth\u00e9tique de Jonathan Monaghan, tient un r\u00f4le essentiel tant elle structure la narration en niveau comme c\u2019est le cas dans &hellip; <a href=\"https:\/\/artinthedigitalage.net\/blog\/2021\/12\/05\/den-of-wolves\/\" class=\"more-link\">Continuer la lecture de <span class=\"screen-reader-text\">Den of Wolves<\/span><\/a><\/p>\n","protected":false},"author":1,"featured_media":0,"comment_status":"closed","ping_status":"closed","sticky":false,"template":"","format":"standard","meta":{"_exactmetrics_skip_tracking":false,"_exactmetrics_sitenote_active":false,"_exactmetrics_sitenote_note":"","_exactmetrics_sitenote_category":0,"footnotes":""},"categories":[1],"tags":[],"class_list":["post-502","post","type-post","status-publish","format-standard","hentry","category-non-classe"],"_links":{"self":[{"href":"https:\/\/artinthedigitalage.net\/blog\/wp-json\/wp\/v2\/posts\/502","targetHints":{"allow":["GET"]}}],"collection":[{"href":"https:\/\/artinthedigitalage.net\/blog\/wp-json\/wp\/v2\/posts"}],"about":[{"href":"https:\/\/artinthedigitalage.net\/blog\/wp-json\/wp\/v2\/types\/post"}],"author":[{"embeddable":true,"href":"https:\/\/artinthedigitalage.net\/blog\/wp-json\/wp\/v2\/users\/1"}],"replies":[{"embeddable":true,"href":"https:\/\/artinthedigitalage.net\/blog\/wp-json\/wp\/v2\/comments?post=502"}],"version-history":[{"count":1,"href":"https:\/\/artinthedigitalage.net\/blog\/wp-json\/wp\/v2\/posts\/502\/revisions"}],"predecessor-version":[{"id":505,"href":"https:\/\/artinthedigitalage.net\/blog\/wp-json\/wp\/v2\/posts\/502\/revisions\/505"}],"wp:attachment":[{"href":"https:\/\/artinthedigitalage.net\/blog\/wp-json\/wp\/v2\/media?parent=502"}],"wp:term":[{"taxonomy":"category","embeddable":true,"href":"https:\/\/artinthedigitalage.net\/blog\/wp-json\/wp\/v2\/categories?post=502"},{"taxonomy":"post_tag","embeddable":true,"href":"https:\/\/artinthedigitalage.net\/blog\/wp-json\/wp\/v2\/tags?post=502"}],"curies":[{"name":"wp","href":"https:\/\/api.w.org\/{rel}","templated":true}]}}